{"id":276,"date":"2016-10-23T21:17:13","date_gmt":"2016-10-23T19:17:13","guid":{"rendered":"https:\/\/seerosenteich-zillbach.de\/main\/?p=276"},"modified":"2016-10-24T19:31:53","modified_gmt":"2016-10-24T17:31:53","slug":"der-anfang","status":"publish","type":"post","link":"https:\/\/seerosenteich-zillbach.de\/main\/2016\/10\/23\/der-anfang\/","title":{"rendered":"Der Anfang"},"content":{"rendered":"<p><a href=\"https:\/\/seerosenteich-zillbach.de\/main\/wp-content\/uploads\/Privatteich.jpg\"><img loading=\"lazy\" decoding=\"async\" class=\"alignleft size-thumbnail wp-image-277\" src=\"https:\/\/seerosenteich-zillbach.de\/main\/wp-content\/uploads\/Privatteich-200x150.jpg\" alt=\"privatteich\" width=\"200\" height=\"150\" \/><\/a>2004 haben wir den Teich von der Gemeinde Zillbach gepachtet.<\/p>\n<p>Wir mu\u00dften etwa 40cm von der alten Deckschicht abtragen.<\/p>\n<p>Mit der anfallen Erde stabilisierten wir den Damm und bauten die Teichr\u00e4nder aus.<\/p>\n<p>Ein 2. Damm wurde errichtet der den Teich nun in 2 Teiche teilt.<\/p>\n<p>Es war notwendig, damit w\u00e4rend der Teicharbeiten die Kr\u00f6ten ein Leichgew\u00e4sser bekamen.<\/p>\n<p>Auch an eine Insel wurde bei der Gestaltung gedacht.<\/p>\n","protected":false},"excerpt":{"rendered":"<p>2004 haben wir den Teich von der Gemeinde Zillbach gepachtet. Wir mu\u00dften etwa 40cm von der alten Deckschicht abtragen. Mit der anfallen Erde stabilisierten wir den Damm und bauten die Teichr\u00e4nder aus. Ein 2. Damm wurde errichtet der den Teich <a class=\"more-link\" href=\"https:\/\/seerosenteich-zillbach.de\/main\/2016\/10\/23\/der-anfang\/\">Weiterlesen\u00a0\u2026<\/a><\/p>\n","protected":false},"author":2,"featured_media":0,"comment_status":"closed","ping_status":"closed","sticky":false,"template":"","format":"standard","meta":{"footnotes":""},"categories":[10],"tags":[],"class_list":["post-276","post","type-post","status-publish","format-standard","hentry","category-teichchronik"],"_links":{"self":[{"href":"https:\/\/seerosenteich-zillbach.de\/main\/wp-json\/wp\/v2\/posts\/276","targetHints":{"allow":["GET"]}}],"collection":[{"href":"https:\/\/seerosenteich-zillbach.de\/main\/wp-json\/wp\/v2\/posts"}],"about":[{"href":"https:\/\/seerosenteich-zillbach.de\/main\/wp-json\/wp\/v2\/types\/post"}],"author":[{"embeddable":true,"href":"https:\/\/seerosenteich-zillbach.de\/main\/wp-json\/wp\/v2\/users\/2"}],"replies":[{"embeddable":true,"href":"https:\/\/seerosenteich-zillbach.de\/main\/wp-json\/wp\/v2\/comments?post=276"}],"version-history":[{"count":4,"href":"https:\/\/seerosenteich-zillbach.de\/main\/wp-json\/wp\/v2\/posts\/276\/revisions"}],"predecessor-version":[{"id":340,"href":"https:\/\/seerosenteich-zillbach.de\/main\/wp-json\/wp\/v2\/posts\/276\/revisions\/340"}],"wp:attachment":[{"href":"https:\/\/seerosenteich-zillbach.de\/main\/wp-json\/wp\/v2\/media?parent=276"}],"wp:term":[{"taxonomy":"category","embeddable":true,"href":"https:\/\/seerosenteich-zillbach.de\/main\/wp-json\/wp\/v2\/categories?post=276"},{"taxonomy":"post_tag","embeddable":true,"href":"https:\/\/seerosenteich-zillbach.de\/main\/wp-json\/wp\/v2\/tags?post=276"}],"curies":[{"name":"wp","href":"https:\/\/api.w.org\/{rel}","templated":true}]}}